{"id":113,"date":"2024-02-08T21:21:55","date_gmt":"2024-02-08T21:21:55","guid":{"rendered":"https:\/\/c-us.de\/?p=113"},"modified":"2024-02-08T21:21:55","modified_gmt":"2024-02-08T21:21:55","slug":"balkonkraftwerk","status":"publish","type":"post","link":"https:\/\/c-us.de\/?p=113","title":{"rendered":"Balkonkraftwerk"},"content":{"rendered":"<p>Ich hab demn\u00e4chst noch mein Balkonkraftwerk (f\u00fcr die Morgensonne), nachdem ich ja eh schon eine gro\u00dfe Solaranlage habe (f\u00fcr die Nachmittagssonne).<\/p>\n<p>Die Minianleitung f\u00fcr <strong>Erlangen<\/strong>, wie ich das gemacht habe.<\/p>\n<ol>\n<li>Auf <a href=\"https:\/\/stecker-solaer.de\/sammelbestellung\/\">https:\/\/stecker-solaer.de\/sammelbestellung\/<\/a> gehen und da die aktuelle Sammelbestellung anschauen. Dies ist eine Erlanger Initiative, die auch ehrenamtlich gerne beraten, Tipps geben &#8230;.\n<ol>\n<li>Aktuell (Frist 16.02.24) bestellen die mit guten Rabattcodes bei https:\/\/panelretter.de\/ &#8211; aber das kann sich zuk\u00fcnftig auch \u00e4ndern &#8211; jedenfalls zum aktuellen Anbieter gehen.<\/li>\n<li>Da schauen was einem gef\u00e4llt &#8211; aber wenn man F\u00f6rderung will, kann man zwar alles in den Warenkorb tun,<strong> aber noch nicht bestellen<\/strong>, erst bei Schritt 3<br \/>\nMeine Tipps:<\/p>\n<ol>\n<li>Aufh\u00e4ngung (Wand, Balkon, &#8230; ) m\u00fcsst ihr selber wissen, wo ihr die wollt, aber da scheint zum Gl\u00fcck alles dabei zu sein, was man jeweils so braucht. (Daher ist der Preis auch nicht mit einem reinen Modul vergleichbar, wenn man dann die Aufh\u00e4ngung zus\u00e4tzlich kauft, fallen da weitere Kosten an, aber hier ist ja alles dabei)<\/li>\n<li>Wattzahl: Gerade in den d\u00fcsteren Monaten, aber auch am morgen oder sp\u00e4ten Nachmittag ist man \u00fcber jedes Watt dankbar, daher habe ich 1020 Watt genommen.<\/li>\n<li>DTU &#8211; die ist extrem hilfreich, wenn man Statistiken etc. haben will oder was konfigurieren. Nicht unbedingt notwendig, aber eine absolute Empfehlung (zumindest falls ihr etwas nerdig seid)<\/li>\n<li>Kabell\u00e4nge &#8230;. einfach zur Steckdose messen.<\/li>\n<\/ol>\n<\/li>\n<li>Screenshot von dem Warenkorb machen<\/li>\n<\/ol>\n<\/li>\n<li>F\u00f6rderung beantragen\n<ol>\n<li>F\u00fcr Erlangen z.B. <a href=\"https:\/\/erlangen.de\/uwao-api\/faila\/files\/bypath\/Dokumente\/PDF-Formulare\/31_Umweltamt\/antrag_co2-mindernde_massnahmen.pdf\">hier<\/a>\n<ol>\n<li>Kapitel 1, Angaben\u00a0 (Adresse, Typ des Hauses (wobei ich glaube, das ist f\u00fcr diese PV-Anlagen nicht sooo wichtig) &#8230;. alles nicht schwer)<\/li>\n<li>Kapitel 2, da ist vor allem die erste Zeile relevant, da 1 Plug-In-PV und die Wattzahl die man bei der Modulauswahl getroffen hat (bei mir 1020). Da steht zwar &#8222;max 600Wp&#8220;, aber das ist nur die maximal gef\u00f6rderte Anlagengr\u00f6\u00dfe. Pro 100Wp bekommt man zur Zeit glaube ich 30\u20ac &#8230; also bei 600Wp (oder mehr) 180\u20ac<\/li>\n<li>dann noch unterschreiben (hab ich digital gemacht, also Bild der Unterschrift ins PDF gebracht)<\/li>\n<li>den Rest hab ich ignoriert, hat diesmal bei mir nicht zugetroffen.<\/li>\n<li>Als PDF speichern, entweder komplett digital bearbeiten, oder Scannen, oder &#8230;.<\/li>\n<li>in eine Mail packen, zusammen mit dem &#8222;Angebot&#8220; (=Screenshot des Warenkorbs) und an die Stadt Erlangen senden: EnergieFragen@stadt.erlangen.de<\/li>\n<li>Auf Antwort warten &#8211; kommt per Post.<\/li>\n<li>Sobald die Post da ist, weiter mit Punkt 3<br \/>\nOder falls man knapp dran ist, in die Mail reinschreiben, dass man auch eine R\u00fcckmeldung per Mail m\u00f6chte, ob es genehmigt ist. Normalerweise sind die sehr schnell mit Mails beantworten.<\/li>\n<\/ol>\n<\/li>\n<\/ol>\n<\/li>\n<li>wieder auf die Sammelbestellung-Webseite gehen.\n<ol>\n<li>vermutlich wurde der Warenkorb nicht gespeichert, aber das ist kein Problem, mit dem Screenshot hat man das ja in 30 Sekunden wieder zusammengeklickt.<\/li>\n<li>Diesmal bestellen<\/li>\n<\/ol>\n<\/li>\n<li>Abholen (die Sammelbestellung wird kostenlos an einen zentralen Punkt in Erlangen geliefert, alternativ kann man es sich gegen Bezahlung der Lieferkosten auch nach Hause liefern lassen) und Aufbauen &#8230;. soweit bin ich noch nicht\n<ol>\n<li>zus\u00e4tzlich muss man es noch anmelden, das ist aber auch kein gr0\u00dfer Aufwand, sobald ich es habe, werde ich hier davon im Detail berichten<\/li>\n<li>F\u00f6rderung auszahlen lassen<\/li>\n<\/ol>\n<\/li>\n<li>Sparen<br \/>\nMeine aktuelle Rechnung f\u00fcr jemanden mit S\u00fcdbalkon (und bisher sonst keiner PV) (und die ist eher pessimistisch):<br \/>\n600kWh Ertrag pro Jahr<br \/>\nDavon 1\/3 Eigennutzung f\u00fcr den Grundverbrauch \u00fcber den Tag (K\u00fchlschrank, Internetrouter, Standby-Ger\u00e4te, &#8230;..) &#8211;\u00a0 Also 200kWh pro Jahr<br \/>\nDas sind bei 30Cent Stromkosten 60\u20ac im Jahr, also amortisiert sie sich in diesem pessimistischen Beispiel nach weniger als 9 Jahren. Wenn man dann noch die F\u00f6rderung abzieht, dann nach weniger als 6 Jahren.Wenn man optimistisch rechnet dann sieht es viel besser aus:<\/p>\n<ol>\n<li>Eigentlich sagt man &#8222;pro Watt-Peak hat man eine kWh pro Jahr &#8220;\u00a0 (1000 Vollsonnenstunden), aber die Anlage hat ja mehr als 600Wp, nur der Wechselrichter hat eine Beschr\u00e4nkung auf 600 Watt Ausgangsleistung. Aber im Winter, am Abend, &#8230;. st\u00f6rt das nicht, nur bei voller Sonneneinstrahlung, holt man nicht das Maximum raus. &#8211;&gt; man erzeugt mehr, vielleicht sogar 700 oder 800 kWh, sp\u00e4testens wenn die aktuell geplante Gesetzes\u00e4nderung durch ist, darf man den Wechselrichter auch auf 800Watt &#8222;upgraden&#8220; (der Wechselrichter der o.g. Sammelbestellung kann das), dann ist man sogar bei 800-900 kWh.<\/li>\n<li>Wenn man den Eigenverbrauch tats\u00e4chlich h\u00f6her ansetzt (z.B. weil man im Homeoffice ist, weil sonst wer in der Familie daheim ist, weil man ein Aquarium laufen hat, weil man tats\u00e4chlich die Waschmaschine so programmiert, dass sie den Strom tags\u00fcber verbraucht), dann kann auch der Anteil des Eigenverbrauchs h\u00f6her sein, also z.B. 2\/3 (Im Internet gibt es Leute, die optimieren es auf nahe an 100%, aber das ist wirklich anspruchsvoll).<\/li>\n<li>Wenn man diese beiden Effekte kombiniert, dann h\u00e4tte man 900kWh, davon 2\/3 Eigenverbrauch, also 600kWh, also 180\u20ac Ersparnis. Zusammen mit der F\u00f6rderung hat sich die Anlage dann nach 2 Jahren amortisiert&#8230;.<\/li>\n<li>steigende Strompreise?? Bzw. wer bekommt den Strom wirklich f\u00fcr 30 Cent?<\/li>\n<li>Ja, diese Rechnung war jetzt eher optimistisch, aber 100\u20ac Ersparnis pro Jahr halte ich f\u00fcr sehr realistisch, dann w\u00e4ren es knapp \u00fcber 3 Jahre, dann hat man ab dem 4. Jahr j\u00e4hrlich 100\u20ac mehr \u00fcbrig.<\/li>\n<\/ol>\n<\/li>\n<\/ol>\n<p>&nbsp;<\/p>\n<p>&nbsp;<\/p>\n","protected":false},"excerpt":{"rendered":"<p>Ich hab demn\u00e4chst noch mein Balkonkraftwerk (f\u00fcr die Morgensonne), nachdem ich ja eh schon eine gro\u00dfe Solaranlage habe (f\u00fcr die Nachmittagssonne). Die Minianleitung f\u00fcr Erlangen, wie ich das gemacht habe.\u2026<\/p>\n","protected":false},"author":-1,"featured_media":114,"comment_status":"open","ping_status":"open","sticky":false,"template":"","format":"standard","meta":{"footnotes":""},"categories":[19],"tags":[8,7],"class_list":["post-113","post","type-post","status-publish","format-standard","has-post-thumbnail","hentry","category-technik","tag-diy","tag-pv"],"_links":{"self":[{"href":"https:\/\/c-us.de\/index.php?rest_route=\/wp\/v2\/posts\/113","targetHints":{"allow":["GET"]}}],"collection":[{"href":"https:\/\/c-us.de\/index.php?rest_route=\/wp\/v2\/posts"}],"about":[{"href":"https:\/\/c-us.de\/index.php?rest_route=\/wp\/v2\/types\/post"}],"author":[{"embeddable":true,"href":"https:\/\/c-us.de\/index.php?rest_route=\/wp\/v2\/users\/2"}],"replies":[{"embeddable":true,"href":"https:\/\/c-us.de\/index.php?rest_route=%2Fwp%2Fv2%2Fcomments&post=113"}],"version-history":[{"count":2,"href":"https:\/\/c-us.de\/index.php?rest_route=\/wp\/v2\/posts\/113\/revisions"}],"predecessor-version":[{"id":116,"href":"https:\/\/c-us.de\/index.php?rest_route=\/wp\/v2\/posts\/113\/revisions\/116"}],"wp:featuredmedia":[{"embeddable":true,"href":"https:\/\/c-us.de\/index.php?rest_route=\/wp\/v2\/media\/114"}],"wp:attachment":[{"href":"https:\/\/c-us.de\/index.php?rest_route=%2Fwp%2Fv2%2Fmedia&parent=113"}],"wp:term":[{"taxonomy":"category","embeddable":true,"href":"https:\/\/c-us.de\/index.php?rest_route=%2Fwp%2Fv2%2Fcategories&post=113"},{"taxonomy":"post_tag","embeddable":true,"href":"https:\/\/c-us.de\/index.php?rest_route=%2Fwp%2Fv2%2Ftags&post=113"}],"curies":[{"name":"wp","href":"https:\/\/api.w.org\/{rel}","templated":true}]}}