{"id":156,"date":"2024-09-14T04:34:30","date_gmt":"2024-09-14T04:34:30","guid":{"rendered":"https:\/\/c-us.de\/?p=156"},"modified":"2024-09-14T04:34:30","modified_gmt":"2024-09-14T04:34:30","slug":"vegan-vegetarisch-flexitarier-massentierhaltung-ist-da-ein-mittelweg-moeglich","status":"publish","type":"post","link":"https:\/\/c-us.de\/?p=156","title":{"rendered":"Vegan, Vegetarisch, Flexitarier, Massentierhaltung &#8211; ist da ein Mittelweg m\u00f6glich?"},"content":{"rendered":"<p>Seit 2 Jahren lebe ich vegan.<br \/>\nDas ist tats\u00e4chlich oft gar nicht so leicht, da immer noch an ganz vielen Stellen es als ganz normal angesehen wird, dass man alles mit Tierprodukten zubereitet. Aber es geht immer besser. Und insbesondere in asiatischen Restaurants gibt es oft sehr viele vegane Gerichte.<\/p>\n<p>In dieser Zeit wurde ich immer wieder gefragt, ob es da nicht einen Mittelweg g\u00e4be.<\/p>\n<div class=\"xdj266r x11i5rnm xat24cr x1mh8g0r x1vvkbs\">\n<div dir=\"auto\">Nat\u00fcrlich g\u00e4be es einen Mittelweg.<\/div>\n<div dir=\"auto\">Aber ganz relevante Aspekte daf\u00fcr sind Massentierhaltung und Qualhaltung abschaffen, Tiere nur noch so halten, dass sie quasi nat\u00fcrlich leben und sich von dem was hier w\u00e4chst ern\u00e4hren und nicht den Regenwald f\u00fcr Soja-Kraftfutter abholzen. Die K\u00e4lber nicht von den M\u00fcttern trennen. Keine Zuchten, bei denen die Tiere Qualen erleiden m\u00fcssen (60-Liter-Euter).<\/div>\n<div dir=\"auto\"><\/div>\n<div dir=\"auto\">Dann w\u00fcrde das Fleisch und auch die meisten Tierprodukte aber so teuer, dass die meisten Menschen eh haupts\u00e4chlich vegetarisch leben w\u00fcrden und viele Speisen vermutlich vegan w\u00e4ren. So wie \u00fcbrigens fr\u00fcher auch. Da gab es den Sonntagsbraten.<\/div>\n<\/div>\n<div dir=\"auto\"><\/div>\n<div dir=\"auto\">Ich stimme auch voll zu, dass man nicht &#8222;extrem&#8220; werden sollte.<\/div>\n<div class=\"x11i5rnm xat24cr x1mh8g0r x1vvkbs xtlvy1s\">\n<div dir=\"auto\">Die Sache ist halt die, dass der Veganismus gar nicht &#8222;extrem&#8220; ist, sondern eigentlich nur konsequent. Es tut keinem Wesen weh. Das ist nicht extrem. Schon gar nicht gegen andere, aber auch nicht gegen\u00fcber sich selbst. Es gibt so viel leckeres veganes Essen.<\/div>\n<div dir=\"auto\">Die Massentierhaltung dagegen ist extrem. Sie geht \u00fcber das hinaus, was der Durchschnittsdeutsche als &#8222;gut&#8220; ansieht. Tiere werden gequ\u00e4lt. Die Umwelt wird ausgebeutet. Klimasch\u00e4den. Gesundheitssch\u00e4den. &#8230;.. Aber weil es sich halt so entwickelt hat und die Grenzen immer weiter ausgetestet wurden, wirklich bis zum extremen, wird es von vielen als &#8222;normal&#8220; angesehen. Aber es ist eigentlich nicht normal.<\/div>\n<div dir=\"auto\"><\/div>\n<\/div>\n<div class=\"x11i5rnm xat24cr x1mh8g0r x1vvkbs xtlvy1s\">\n<div dir=\"auto\">Daher, wenn jemand billig-Fleisch f\u00fcr 1,99 kauft von einem Mittelweg spricht, dann bin ich gerne bereit dar\u00fcber zu diskutieren. Ja, ich fordere ja nicht mal, dass jeder sich vegan ern\u00e4hrt. Das einzige was ich fordere, ist die Extreme abzuschaffen. Eben die Massentierhaltung. Den Raubbau an der Natur.<br \/>\nK\u00f6nnen wir uns darauf einigen?<\/p>\n<p>Und eine Anmerkung am Rande: Bio ist schon ein guter Schritt in Richtung Mittelweg, aber garantiert noch nicht der Mittelweg. Die Grenzwerte f\u00fcr Bioprodukte sind schon viel besser, aber es ist z.T. noch weit weg von artgerechte Haltung. Aber wenn wir erst Mal alles auf &#8222;mindestens Biostandard&#8220; umgestellt h\u00e4tten, w\u00e4re das schon ein gro\u00dfer Schritt.<\/p><\/div>\n<\/div>\n","protected":false},"excerpt":{"rendered":"<p>Seit 2 Jahren lebe ich vegan. Das ist tats\u00e4chlich oft gar nicht so leicht, da immer noch an ganz vielen Stellen es als ganz normal angesehen wird, dass man alles\u2026<\/p>\n","protected":false},"author":-1,"featured_media":0,"comment_status":"open","ping_status":"open","sticky":false,"template":"","format":"standard","meta":{"footnotes":""},"categories":[20],"tags":[16],"class_list":["post-156","post","type-post","status-publish","format-standard","hentry","category-ernaehrung","tag-vegan"],"_links":{"self":[{"href":"https:\/\/c-us.de\/index.php?rest_route=\/wp\/v2\/posts\/156","targetHints":{"allow":["GET"]}}],"collection":[{"href":"https:\/\/c-us.de\/index.php?rest_route=\/wp\/v2\/posts"}],"about":[{"href":"https:\/\/c-us.de\/index.php?rest_route=\/wp\/v2\/types\/post"}],"author":[{"embeddable":true,"href":"https:\/\/c-us.de\/index.php?rest_route=\/wp\/v2\/users\/2"}],"replies":[{"embeddable":true,"href":"https:\/\/c-us.de\/index.php?rest_route=%2Fwp%2Fv2%2Fcomments&post=156"}],"version-history":[{"count":1,"href":"https:\/\/c-us.de\/index.php?rest_route=\/wp\/v2\/posts\/156\/revisions"}],"predecessor-version":[{"id":157,"href":"https:\/\/c-us.de\/index.php?rest_route=\/wp\/v2\/posts\/156\/revisions\/157"}],"wp:attachment":[{"href":"https:\/\/c-us.de\/index.php?rest_route=%2Fwp%2Fv2%2Fmedia&parent=156"}],"wp:term":[{"taxonomy":"category","embeddable":true,"href":"https:\/\/c-us.de\/index.php?rest_route=%2Fwp%2Fv2%2Fcategories&post=156"},{"taxonomy":"post_tag","embeddable":true,"href":"https:\/\/c-us.de\/index.php?rest_route=%2Fwp%2Fv2%2Ftags&post=156"}],"curies":[{"name":"wp","href":"https:\/\/api.w.org\/{rel}","templated":true}]}}