{"id":172,"date":"2025-01-01T20:58:17","date_gmt":"2025-01-01T20:58:17","guid":{"rendered":"https:\/\/c-us.de\/?p=172"},"modified":"2025-01-01T20:58:17","modified_gmt":"2025-01-01T20:58:17","slug":"dynamische-strompreise","status":"publish","type":"post","link":"https:\/\/c-us.de\/?p=172","title":{"rendered":"Dynamische Strompreise"},"content":{"rendered":"<p>Immer wieder kommt die Frage auf, wie schlimm es ist, wenn die Strompreise kurzfristig auf &#8222;astronomische H\u00f6hen&#8220; (z.B. 93,6 Cent\/kWh kurzfristig an einem Donnerstag im Dezember 24 [<a href=\"https:\/\/www.handelsblatt.com\/politik\/deutschland\/energieversorgung-unternehmen-schockiert-ueber-strompreis-hoch-01\/100094577.html\">handelsblatt<\/a>]).<\/p>\n<p>Dabei muss man diverse Dinge beachten:<\/p>\n<ol>\n<li>Was ist der mittlere Strompreis? Und dieser blieb im Dezember halbwegs stabil. [<a href=\"https:\/\/www.dashboard-deutschland.de\/indicator\/data_preise_strom\">Statistisches Bundesamt<\/a>] Klar, w\u00e4hrend man durchgehend billiges Gas beziehen konnte, war es noch stabiler, aber dass darauf zu setzen ein Fehler war, haben wir eben Anfang 2022 schmerzlich erleben d\u00fcrfen, als der Krieg begann. Danach gab es massive Preisschwankungen, die dann aber Recht schnell in den Griff bekommen wurden. Das hei\u00dft: Tagesausschl\u00e4ge sind nicht so relevant, sondern viel kritischer sind die Durchschnittsstrompreise, die OK sind.<\/li>\n<li>Wer f\u00e4ngt die Schwankungen ab. Im Endeffekt f\u00e4ngt sie immer der Endkunde ab, entweder direkt (dynamischer Strompreis) oder indirekt (der Energieversorger preist sie in einen Durchschnittsstrompreis ein).<\/li>\n<li>Wem nutzt ein dynamischer Strompreis: Je mehr man seinen Stromverbrauch dynamisch gestalten kann, desto mehr kann man als Privatperson oder Unternehmen davon profitieren. Insbesondere wenn man bedenkt, dass die Energieanbieter in Zukunft immer mehr mit dem Durchschnittlichen Strompreis die abdecken muss, die sich eben nicht dynamisch verhalten und damit relativ hohe Durchschnittsstrompreise haben werden, kann es sich durchaus lohnen, dass man sich \u00fcberlegt, ob man nicht von einem dynamischen Strompreis profitieren kann.<\/li>\n<li>Wie kann man seinen Stromverbrauch anpassen, ohne dass man einen Verlust an Lebensqualit\u00e4t hat? Da gibt es viele Beispiele:\n<ol>\n<li>Im Handel gibt es riesige K\u00fchlh\u00e4user. In vielen F\u00e4llen kommt es nicht darauf an, ob diese bei -18\u00b0C oder auch mal zeitweise bei -23\u00b0C betrieben werden. Daher ist es gut m\u00f6glich, dass man anhand des Strompreises der n\u00e4chsten 24 Stunden berechnet, wann man wie stark k\u00fchlen will und wann man die K\u00fchlung &#8222;minimiert&#8220; und es dann langsam sich wieder auf -18\u00b0C &#8218;aufw\u00e4rmt&#8216;.<\/li>\n<li>Im Privaten: Viele haben eine PV-Anlage mit Speicher, die heute fast alle so konfiguriert sind, dass sie erst Mal den Strom aus dem Akku verbrauchen und dann aus dem Netz. Das ist in vielen F\u00e4llen sinnvoll, da Abends\/Nachts die Strompreise sinken. Aber nicht immer, da k\u00f6nnte man flexibler agieren. (und beim Einspeisen ist es oft nicht netzdienlich)<\/li>\n<li>Wann l\u00e4dt man das E-Auto oder started die W\u00e4rmepumpe&#8230;<\/li>\n<\/ol>\n<\/li>\n<\/ol>\n<p>Daher, langfristig wird das \u00fcber Smart-Z\u00e4hler kommen. Dann muss man schauen, wie man sinnvoll agieren kann. Dazu wird sich die Technik weiterentwickeln, dass dieses automatisch steuerbar ist. Oder anders rum gesagt. Es wird kommen, die Frage ist nur, wer es schafft, die Technik als erster so weit zu bringen, dass man den Markt bedienen kann.<\/p>\n","protected":false},"excerpt":{"rendered":"<p>Immer wieder kommt die Frage auf, wie schlimm es ist, wenn die Strompreise kurzfristig auf &#8222;astronomische H\u00f6hen&#8220; (z.B. 93,6 Cent\/kWh kurzfristig an einem Donnerstag im Dezember 24 [handelsblatt]). Dabei muss\u2026<\/p>\n","protected":false},"author":-1,"featured_media":0,"comment_status":"open","ping_status":"open","sticky":false,"template":"","format":"standard","meta":{"footnotes":""},"categories":[5],"tags":[15,3,7],"class_list":["post-172","post","type-post","status-publish","format-standard","hentry","category-bundespolitik","tag-hausautomatisierung","tag-klima","tag-pv"],"_links":{"self":[{"href":"https:\/\/c-us.de\/index.php?rest_route=\/wp\/v2\/posts\/172","targetHints":{"allow":["GET"]}}],"collection":[{"href":"https:\/\/c-us.de\/index.php?rest_route=\/wp\/v2\/posts"}],"about":[{"href":"https:\/\/c-us.de\/index.php?rest_route=\/wp\/v2\/types\/post"}],"author":[{"embeddable":true,"href":"https:\/\/c-us.de\/index.php?rest_route=\/wp\/v2\/users\/2"}],"replies":[{"embeddable":true,"href":"https:\/\/c-us.de\/index.php?rest_route=%2Fwp%2Fv2%2Fcomments&post=172"}],"version-history":[{"count":1,"href":"https:\/\/c-us.de\/index.php?rest_route=\/wp\/v2\/posts\/172\/revisions"}],"predecessor-version":[{"id":173,"href":"https:\/\/c-us.de\/index.php?rest_route=\/wp\/v2\/posts\/172\/revisions\/173"}],"wp:attachment":[{"href":"https:\/\/c-us.de\/index.php?rest_route=%2Fwp%2Fv2%2Fmedia&parent=172"}],"wp:term":[{"taxonomy":"category","embeddable":true,"href":"https:\/\/c-us.de\/index.php?rest_route=%2Fwp%2Fv2%2Fcategories&post=172"},{"taxonomy":"post_tag","embeddable":true,"href":"https:\/\/c-us.de\/index.php?rest_route=%2Fwp%2Fv2%2Ftags&post=172"}],"curies":[{"name":"wp","href":"https:\/\/api.w.org\/{rel}","templated":true}]}}