{"id":21,"date":"2023-04-10T17:13:34","date_gmt":"2023-04-10T17:13:34","guid":{"rendered":"https:\/\/c-us.de\/?p=21"},"modified":"2023-04-10T17:13:34","modified_gmt":"2023-04-10T17:13:34","slug":"wie-ueberzeugt-man-vom-klimaschutz","status":"publish","type":"post","link":"https:\/\/c-us.de\/?p=21","title":{"rendered":"Wie \u00fcberzeugt man vom Klimaschutz"},"content":{"rendered":"<p>Wir m\u00fcssen jetzt ganz dringend alle vom Klimaschutz begeistern: Politik, Wirtschaft, Privatpersonen.<\/p>\n<p>Daher mal die Kurzanalyse von ein paar Ans\u00e4tzen:<\/p>\n<ol>\n<li>Informieren: Das passiert seit vielen Jahren. Ich hab es selber aktiv vor ca. 30 Jahren mitbekommen. Irgendwie mitbekommen haben es wohl die meisten. Aber richtig diskutiert (geschweige denn umgesetzt) wurde es in den letzten Jahren nicht.<\/li>\n<li>Demos: Spannenderweise gab es die auch schon seit Jahren. Kaum beachtet. Erst als Greta kam, kam da Schwung rein. Damit kam das Thema auf die Agenda. Dann ist bisschen was passiert. Also scheinbar sind Demos, wenn sie richtig r\u00fcberkommen, ein geeignetes Mittel. Aber kann man damit den ganz gro\u00dfen Umschwung schaffen?<\/li>\n<li>Stra\u00dfenblokaden, Tomatenso\u00dfen-Attacken u.\u00e4.: Diese halten die Diskussion am laufen. Und das ist wichtig, denn das Thema darf nicht in Vergessenheit geraten. Aber andererseits bringen sie so viel &#8222;Spaltung&#8220; in die Diskussion. Daher w\u00e4re gerade meine Einsch\u00e4tzung, dass sie kein geeignetes Mittel sind, um Mehrheiten f\u00fcr den Klimaschutz zu organisieren. Besser w\u00e4re es die Diskussion anders am laufen zu halten. Aber das ist in der Medienlandschaft schwer, die eben verst\u00e4rkt reagiert, wenn jemand \u00fcber das Ziel hinausschie\u00dft.<br \/>\nAber spannend ist, was die Gegner daraus machen. Deren Rhetorik (Terrorismus) und Aktionen (politisch: Vorbeugehaft, individuell: Gewalt) sind erheblich schlimmer, als die Blockaden.<\/li>\n<li>wirtschaftlich attraktiv: eigentlich ist das der Weg, der am erfolgsversprechendsten klingt. Die klimafreundlichen Technologien so (wirtschaftlich) attraktiv zu gestalten, dass jeder sie nutzen will. Aber auch das funktioniert nur sehr langsam. Seit 20 Jahren gibt es das EEG. Wie viele geeignete D\u00e4cher in Eurer Stra\u00dfe haben noch keine PV? Bei mir sind es die meisten. Aber so langsam fordern auch mehr und mehr Kunden klimaneutralit\u00e4t. Daher stellen auch mehr und mehr Unternehmen um. Einige davon machen bei der <a href=\"https:\/\/sciencebasedtargets.org\/companies-taking-action#dashboard\">Scienced-based-targets-Initiative<\/a> mit. Richtig funktionieren w\u00fcrde dies mit einer CO2-Steuer, die wirklich die Sch\u00e4den &#8222;internalisiert&#8220;, die durch den CO2-Aussto\u00df entstehen. Berechnungen des Umweltbundesamtes zu Folge kosten die Sch\u00e4den etwa <a href=\"https:\/\/www.umweltbundesamt.de\/presse\/pressemitteilungen\/hohe-kosten-durch-unterlassenen-umweltschutz\">180\u20ac\/Tonne CO2<\/a>.<\/li>\n<li>politisch aktiv sein: In vielen L\u00e4ndern gibt es gr\u00fcne Parteien. Diese haben immer bessere Wahlergebnisse und k\u00f6nnen immer mehr umsetzen. Wichtigster Nebeneffekt ist aber, dass die anderen Parteien das Thema auch aufnehmen. Wobei, de facto gibt es in Deutschland au\u00dfer den Gr\u00fcnen keine Partei, die das Thema wirklich ernst nimmt, sondern irgendwie immer erst Mal andere Priorit\u00e4ten setzt. Das hei\u00dft, damit sich politisch richtig was \u00e4ndert, m\u00fcssten die Gr\u00fcnen viel mehr Stimmen haben.<\/li>\n<li>Individuell handeln: Jede individuelle Handlung ist gut. Jede eingesparte Tonne CO2 ist gut. Aber das ist trotzdem nur ein Tropfen auf den hei\u00dfen Stein, weil man muss auch die gro\u00dfen Mehrheiten \u00fcberzeugen. Aber auch da ist individuelles handeln gut, weil es Vorbildcharakter hat. Wenn man sieht, dass vegane Ern\u00e4hrung lecker ist, dass man auch mit dem Zug nach Italien fahren kann, dass man mit einer PV-Anlage Geld verdient und mit LED-Leuchten Geld spart &#8230;. dann gibt es Nachahmer und Politik und Wirtschaft merken, dass da ein Bedarf besteht, der bedient werden muss.<\/li>\n<\/ol>\n<p>Welche weiteren Methoden fallen Euch noch ein?<\/p>\n","protected":false},"excerpt":{"rendered":"<p>Wir m\u00fcssen jetzt ganz dringend alle vom Klimaschutz begeistern: Politik, Wirtschaft, Privatpersonen. Daher mal die Kurzanalyse von ein paar Ans\u00e4tzen: Informieren: Das passiert seit vielen Jahren. Ich hab es selber\u2026<\/p>\n","protected":false},"author":-1,"featured_media":0,"comment_status":"open","ping_status":"open","sticky":false,"template":"","format":"standard","meta":{"footnotes":""},"categories":[5],"tags":[3],"class_list":["post-21","post","type-post","status-publish","format-standard","hentry","category-bundespolitik","tag-klima"],"_links":{"self":[{"href":"https:\/\/c-us.de\/index.php?rest_route=\/wp\/v2\/posts\/21","targetHints":{"allow":["GET"]}}],"collection":[{"href":"https:\/\/c-us.de\/index.php?rest_route=\/wp\/v2\/posts"}],"about":[{"href":"https:\/\/c-us.de\/index.php?rest_route=\/wp\/v2\/types\/post"}],"author":[{"embeddable":true,"href":"https:\/\/c-us.de\/index.php?rest_route=\/wp\/v2\/users\/2"}],"replies":[{"embeddable":true,"href":"https:\/\/c-us.de\/index.php?rest_route=%2Fwp%2Fv2%2Fcomments&post=21"}],"version-history":[{"count":1,"href":"https:\/\/c-us.de\/index.php?rest_route=\/wp\/v2\/posts\/21\/revisions"}],"predecessor-version":[{"id":22,"href":"https:\/\/c-us.de\/index.php?rest_route=\/wp\/v2\/posts\/21\/revisions\/22"}],"wp:attachment":[{"href":"https:\/\/c-us.de\/index.php?rest_route=%2Fwp%2Fv2%2Fmedia&parent=21"}],"wp:term":[{"taxonomy":"category","embeddable":true,"href":"https:\/\/c-us.de\/index.php?rest_route=%2Fwp%2Fv2%2Fcategories&post=21"},{"taxonomy":"post_tag","embeddable":true,"href":"https:\/\/c-us.de\/index.php?rest_route=%2Fwp%2Fv2%2Ftags&post=21"}],"curies":[{"name":"wp","href":"https:\/\/api.w.org\/{rel}","templated":true}]}}