{"id":40,"date":"2023-05-25T23:08:38","date_gmt":"2023-05-25T23:08:38","guid":{"rendered":"https:\/\/c-us.de\/?p=40"},"modified":"2023-05-25T23:08:38","modified_gmt":"2023-05-25T23:08:38","slug":"selbstanzeige-terroristische-vereinigung","status":"publish","type":"post","link":"https:\/\/c-us.de\/?p=40","title":{"rendered":"Selbstanzeige &#8222;terroristische Vereinigung&#8220;"},"content":{"rendered":"<p>Liebe Staatsanwaltschaft,<\/p>\n<p>dies ist eine Selbstanzeige, weil ich Mitglied einer terroristischen Vereinigung bin.<\/p>\n<p>Das <a href=\"https:\/\/dejure.org\/gesetze\/VStGB\/7.html\">V\u00f6lkerstrafgesetzbuch sagt in \u00a77\u00a0<\/a>, dass jemand, der in einem systematischen Angriff Menschen t\u00f6tet ein Verbrechen gegen die Menschlichkeit begeht.<\/p>\n<p>Da bekenne ich mich schuldig. Ich konsumiere seit Jahren G\u00fcter, die systematisch CO2 aussto\u00dfen. Der CO2-Aussto\u00df ist laut der <a href=\"https:\/\/www.dwd.de\/DE\/leistungen\/attributionsforschung\/attributionen.html\">Attributions-Forschung<\/a> sehr wahrscheinlich Mitschuld, dass diverse Wetterextreme so aufgetreten sind. Bei den diversen Wetterextremen sind viele Menschen umgekommen, z.B. <a href=\"https:\/\/www.tagesschau.de\/wissen\/klima\/hitzetote-105.html\">spricht die Tagesschau von 19.000 Hitzetoten<\/a> in den Jahren 2018-2020. Ich bekenne mich schuldig, dass ich systematisch durch den CO2-Aussto\u00df an einen Angriff auf die Zivil-Bev\u00f6lkerung beteiligt war und bin. Mir tut es leid, dass durch meine Beteiligung an dem Angriff bereits \u00fcber 19.000 Menschen sterben mussten.<\/p>\n<p>Nun mache ich das aber nicht alleine. Wir (=zivilisierte Bev\u00f6lkerung) haben eine Infrastruktur aufgebaut. Wir haben eine Infrastruktur aufgebaut, um CO2 auszusto\u00dfen.<\/p>\n<p>Dazu sagt aber<a href=\"https:\/\/dejure.org\/gesetze\/StGB\/129a.html\"> \u00a7129a StGB<\/a>:<\/p>\n<div id=\"pfeileoben\" class=\"pfeileoben\">\n<blockquote>\n<p id=\"normueberschrift\" class=\"normueberschrift\">\u00a7 129a Bildung terroristischer Vereinigungen<\/p>\n<\/blockquote>\n<\/div>\n<div id=\"gesetzestext\" class=\"gesetzestext\">\n<blockquote>\n<p id=\"g1\">(<span class=\"absatznummer\">1)<\/span> Wer eine Vereinigung (\u00a7 <a class=\"ttg\" href=\"https:\/\/dejure.org\/gesetze\/StGB\/129.html\">129<\/a> Absatz 2) gr\u00fcndet, deren Zwecke oder deren T\u00e4tigkeit darauf gerichtet sind, [&#8230;.] Verbrechen gegen die Menschlichkeit (\u00a7 <a class=\"ttg\" href=\"https:\/\/dejure.org\/gesetze\/VStGB\/7.html\">7<\/a> des V\u00f6lkerstrafgesetzbuches)<\/p>\n<\/blockquote>\n<p>Ja, genau das machen wir. Aber noch viel mehr machen es Teilgruppen unserer Gesellschaft. Sie sagen zwar nicht, dass sie es zum Zwecke des Angriffs machen, aber sie machen den Angriff, weil sie damit Geld verdienen k\u00f6nnen und nehmen die Toten achselzuckend hin. Dazu z\u00e4hlen diverse Konzerne, insbesondere die \u00d6l-, Gas-, und Kohle-Konzerne. Dazu z\u00e4hlt die FDP.<\/p>\n<p>Ich bitte um eine milde Bestrafung, da ich Reue zeige und probiere auszusteigen. Gerne kann ich auflisten, was ich schon unternommen habe. Ich stehe auch als Kronzeuge f\u00fcr die \u00dcberf\u00fchrung weiterer T\u00e4ter zur Verf\u00fcgung (es gibt viele und ich kenne Wege, wie man diese erkennen kann). Ich kenne auch andere Aussteiger, die gerne auch bereit sind, eine Aussage zu machen.<\/p>\n<p>viele Gr\u00fc\u00dfe<br \/>\nChristian Sauter<\/p>\n<\/div>\n","protected":false},"excerpt":{"rendered":"<p>Liebe Staatsanwaltschaft, dies ist eine Selbstanzeige, weil ich Mitglied einer terroristischen Vereinigung bin. Das V\u00f6lkerstrafgesetzbuch sagt in \u00a77\u00a0, dass jemand, der in einem systematischen Angriff Menschen t\u00f6tet ein Verbrechen gegen\u2026<\/p>\n","protected":false},"author":-1,"featured_media":0,"comment_status":"open","ping_status":"open","sticky":false,"template":"","format":"standard","meta":{"footnotes":""},"categories":[5],"tags":[3],"class_list":["post-40","post","type-post","status-publish","format-standard","hentry","category-bundespolitik","tag-klima"],"_links":{"self":[{"href":"https:\/\/c-us.de\/index.php?rest_route=\/wp\/v2\/posts\/40","targetHints":{"allow":["GET"]}}],"collection":[{"href":"https:\/\/c-us.de\/index.php?rest_route=\/wp\/v2\/posts"}],"about":[{"href":"https:\/\/c-us.de\/index.php?rest_route=\/wp\/v2\/types\/post"}],"author":[{"embeddable":true,"href":"https:\/\/c-us.de\/index.php?rest_route=\/wp\/v2\/users\/2"}],"replies":[{"embeddable":true,"href":"https:\/\/c-us.de\/index.php?rest_route=%2Fwp%2Fv2%2Fcomments&post=40"}],"version-history":[{"count":1,"href":"https:\/\/c-us.de\/index.php?rest_route=\/wp\/v2\/posts\/40\/revisions"}],"predecessor-version":[{"id":41,"href":"https:\/\/c-us.de\/index.php?rest_route=\/wp\/v2\/posts\/40\/revisions\/41"}],"wp:attachment":[{"href":"https:\/\/c-us.de\/index.php?rest_route=%2Fwp%2Fv2%2Fmedia&parent=40"}],"wp:term":[{"taxonomy":"category","embeddable":true,"href":"https:\/\/c-us.de\/index.php?rest_route=%2Fwp%2Fv2%2Fcategories&post=40"},{"taxonomy":"post_tag","embeddable":true,"href":"https:\/\/c-us.de\/index.php?rest_route=%2Fwp%2Fv2%2Ftags&post=40"}],"curies":[{"name":"wp","href":"https:\/\/api.w.org\/{rel}","templated":true}]}}