{"id":52,"date":"2023-08-04T10:10:47","date_gmt":"2023-08-04T10:10:47","guid":{"rendered":"https:\/\/c-us.de\/?p=52"},"modified":"2023-08-04T10:11:27","modified_gmt":"2023-08-04T10:11:27","slug":"klimaschutz-soll-die-politik-mehr-machen","status":"publish","type":"post","link":"https:\/\/c-us.de\/?p=52","title":{"rendered":"Klimaschutz &#8211; Soll die Politik mehr machen?"},"content":{"rendered":"<p>Immer wieder h\u00f6re ich, &#8222;alle wollen Klimaschutz, warum macht die Politik nichts?&#8220;<\/p>\n<p>Da muss ich mal widersprechen.<\/p>\n<p>Wir warten nicht nur auf die Politiker*innen, sondern prim\u00e4r auf die Konsequenz und die Einsicht der B\u00fcrger. Die Politiker*innen die das durchsetzen wollen stehen bereit, werden aber nur zu ca. 20% gew\u00e4hlt. Die anderen Politiker (und dazu z\u00e4hle ich SPD, FDP, CDU, und schlimmere) wollen jeweils mehr oder weniger Klimaschutz, aber eben nie mit ernsthafter Priorit\u00e4t und w\u00fcrden das Thema jeweils f\u00fcr ein anderes Thema oder bei Widerst\u00e4nden ganz schnell opfern.<\/p>\n<p>Aber zur\u00fcck zu den B\u00fcrgern.<\/p>\n<p>Die Leute sagen immer zu \u00fcberw\u00e4ltigenden Mehrheiten (je nach genauer Fragestellung):<br \/>\n&#8222;Klimaschutz ist wichtig&#8220;<br \/>\nAber sobald es dann tats\u00e4chlich um den Klimaschutz geht, dann kommen die Ausreden:<\/p>\n<ul>\n<li>&#8222;Fleisch schmeckt aber so gut&#8220;<\/li>\n<li>&#8222;Ich MUSS doch mit dem Auto fahren&#8220; &#8222;Beim Fahrrad schwitze ich ja&#8220; &#8222;Daneulich hatte der Bus 7 Minuten Versp\u00e4tung&#8220; (dass das Auto auch ewig im Stau stand, interessiert merkw\u00fcrdigerweise keinen)<\/li>\n<li>&#8222;Ich will keine W\u00e4rmepumpe&#8220;<\/li>\n<li>&#8222;D\u00e4mmen &#8230;. das kostet ja was&#8220;<\/li>\n<li>&#8222;Aber Malle k\u00f6nnen sie mir nicht verbieten, und f\u00fcr n\u00e4chstes Jahr habe ich einen Urlaub in Vietnam geplant&#8220;<\/li>\n<li>&#8230;.<\/li>\n<\/ul>\n<p>Klar, k\u00f6nnte die Ampel f\u00fcr all die Themen jetzt &#8222;Ausstiegspl\u00e4ne&#8220; (Regelungen, Verbote, Verteuerungen, &#8230;.) machen, aber was w\u00e4re die Konsequenz? Die CDU w\u00fcrde ihnen erz\u00e4hlen &#8222;Klimaschutz ist schon wichtig, aber doch nicht so. Man muss auf die Technik warten&#8220; (oder eine der anderen bescheuerten Hinhaltetaktiken) und die W\u00e4hler w\u00fcrden in Scharen zu denen rennen.<\/p>\n<p>Und das &#8222;attraktiv machen&#8220; &#8230;. funktioniert nicht bei der breiten Menge.<\/p>\n<ul>\n<li>Wie viele Leute haben PV-geeignete D\u00e4cher, aber keine PV-Anlage? (obwohl die attraktiv sind)<\/li>\n<li>Wie viele Leute k\u00f6nnten mit dem Deutschlandticket gut zur Arbeit fahren, fahren aber trotzdem mit dem Auto (obwohl es eine gute Bahnlinie \/ S-Bahn-Linie \/ &#8230;.) gibt<\/li>\n<\/ul>\n<p>Von daher, NAT\u00dcRLICH muss von der Politik noch viel mehr kommen. Nat\u00fcrlich m\u00fcssen Regelungen, Infrastruktur, &#8230;. angepasst werden. (Dazu fordere ich ja in den anderen Artikeln immer wieder was)<\/p>\n<p>Aber die Verantwortung einfach auf die Politik abzuschieben, das funktioniert nicht, schon gar nicht f\u00fcr Leute, die dann das Gegenteil w\u00e4hlen. Wenn man will, dass die Politik was macht, dann muss man gr\u00fcn w\u00e4hlen. Aber es ist auch klar, dass wenn die Politik was macht, dass das dann auch Auswirkungen auf uns alle hat. Entweder es kostet (also muss es \u00fcber Steuern finanziert werden), und ganz oft wird es \u00c4nderungen auf unser Leben haben, seien es Regelungen (Verbote) o.\u00e4.<\/p>\n<p>Daher finde ich es immer viel zu kurz gesprungen, wenn man einfach sagt, dass die Politik mehr machen soll.<\/p>\n","protected":false},"excerpt":{"rendered":"<p>Immer wieder h\u00f6re ich, &#8222;alle wollen Klimaschutz, warum macht die Politik nichts?&#8220; Da muss ich mal widersprechen. Wir warten nicht nur auf die Politiker*innen, sondern prim\u00e4r auf die Konsequenz und\u2026<\/p>\n","protected":false},"author":-1,"featured_media":0,"comment_status":"open","ping_status":"open","sticky":false,"template":"","format":"standard","meta":{"footnotes":""},"categories":[5],"tags":[3],"class_list":["post-52","post","type-post","status-publish","format-standard","hentry","category-bundespolitik","tag-klima"],"_links":{"self":[{"href":"https:\/\/c-us.de\/index.php?rest_route=\/wp\/v2\/posts\/52","targetHints":{"allow":["GET"]}}],"collection":[{"href":"https:\/\/c-us.de\/index.php?rest_route=\/wp\/v2\/posts"}],"about":[{"href":"https:\/\/c-us.de\/index.php?rest_route=\/wp\/v2\/types\/post"}],"author":[{"embeddable":true,"href":"https:\/\/c-us.de\/index.php?rest_route=\/wp\/v2\/users\/2"}],"replies":[{"embeddable":true,"href":"https:\/\/c-us.de\/index.php?rest_route=%2Fwp%2Fv2%2Fcomments&post=52"}],"version-history":[{"count":2,"href":"https:\/\/c-us.de\/index.php?rest_route=\/wp\/v2\/posts\/52\/revisions"}],"predecessor-version":[{"id":55,"href":"https:\/\/c-us.de\/index.php?rest_route=\/wp\/v2\/posts\/52\/revisions\/55"}],"wp:attachment":[{"href":"https:\/\/c-us.de\/index.php?rest_route=%2Fwp%2Fv2%2Fmedia&parent=52"}],"wp:term":[{"taxonomy":"category","embeddable":true,"href":"https:\/\/c-us.de\/index.php?rest_route=%2Fwp%2Fv2%2Fcategories&post=52"},{"taxonomy":"post_tag","embeddable":true,"href":"https:\/\/c-us.de\/index.php?rest_route=%2Fwp%2Fv2%2Ftags&post=52"}],"curies":[{"name":"wp","href":"https:\/\/api.w.org\/{rel}","templated":true}]}}