{"id":57,"date":"2023-09-05T02:38:45","date_gmt":"2023-09-05T02:38:45","guid":{"rendered":"https:\/\/c-us.de\/?p=57"},"modified":"2023-09-05T02:38:45","modified_gmt":"2023-09-05T02:38:45","slug":"klimaschutzziele-ohne-massnahmen","status":"publish","type":"post","link":"https:\/\/c-us.de\/?p=57","title":{"rendered":"Klimaschutzziele ohne Ma\u00dfnahmen?"},"content":{"rendered":"<p>Seit Jahren verabschieden diverse Unions-Regierungen auf Landes- und Bundesebene gerne &#8222;Klimaschutzgesetze&#8220; in die sie auch gerne ehrgeizige Ziele reinschreiben.<\/p>\n<p>Die EU will bis 2050 klimaneutral sein.<br \/>\nRheinland-Pfalz wollte bereits 2020 eine Reduktion von 40%, bis 2050 90%-100% Reduktion.<br \/>\nBayern will dies unterbieten und bis 2040 klimaneutral sein.<\/p>\n<p>Aber was bedeutet das?<br \/>\nDas bedeutet, dass wir die Verbrennung von Kohle, Gas und \u00d6l nach und nach (und zwar m\u00f6glichst schnell) runter fahren m\u00fcssen. Damit muss man heute anfangen. Konkret:<\/p>\n<ul>\n<li>Eine \u00d6lheizung l\u00e4uft ca. 25 Jahre, d.h. wenn sich Markus S\u00f6der nicht ca. 2015 (vor 8 Jahren) f\u00fcr ein Verbot neuer \u00d6lheizungen einsetzt, dann hat er schon jetzt verloren. Aber allersp\u00e4testens ab sofort d\u00fcrften keine neuen CO2-emittierenden Heizungen eingebaut werden.<\/li>\n<li>Ein Auto f\u00e4hrt bei guter Pflege gut 15 Jahre (oder l\u00e4nger). D.h. man m\u00fcsste Verbrenner in Bayern sp\u00e4testens \u00fcbern\u00e4chstes Jahr verbieten.<br \/>\nUnd ja, ein E-Auto ist umwelttechnisch auch nicht das non-plus-ultra&#8230;. Radwege und Schienen zu bauen, dauert auch paar Jahre.<\/li>\n<li>Apropos bauen, gibt es denn schon Pl\u00e4ne f\u00fcr die Bauindustrie, wie diese klimaneutral werden kann? Signale aus der Politik, dass sp\u00e4testens ab 2035 normaler Zement verboten wird?<\/li>\n<li>Die Nahrungserzeugung klimaneutral zu gestalten, w\u00fcrde ja mit einer Abschaffung der Massentierhaltung einhergehen? Und ganz vielen anderen Umstellungen? Oder nicht?<\/li>\n<\/ul>\n<p>&nbsp;<\/p>\n<p>Die Strategie der Union wurde ja beim Atomausstieg offensichtlich:<\/p>\n<p>Die rot-gr\u00fcne Bundesregierung (1998-2005) hatte eine Strategie, Erneuerbare ausbauen, AKWs nach und nach abschalten.<\/p>\n<p>Die diversen Merkelregierungen haben dann diverse Pirouetten vorgef\u00fchrt. Ausstieg vom Ausstieg (aus schwarzer Ideologie heraus).<br \/>\n2011 Ausstieg vom Ausstieg vom Ausstieg (nach der japanischen AKW-Katastrophe). Gleichzeitig wurde ein Solar-Deckel eingef\u00fchrt. Die PV-Industrie mit zig-1000 Arbeitspl\u00e4tzen abgewickelt.<\/p>\n<p>Und jetzt, 2023, als ihr Atom-Gesetz umgesetzt ist. &#8222;Ahh, wir haben und ja 2011 bis 2021 um keine Alternativen gek\u00fcmmert. Aber sch\u00f6n, dass jetzt eine andere Regierung am Ruder ist, schieben wir denen unser Versagen in die Schuhe&#8220; Jetzt wollen sie von ihrem eigenen Gesetz nichts mehr wissen. Jetzt fragen sie sich, warum denn keine Alternativen da sind. Die Frage nach den Alternativen erfolgt zu Recht. Das schlimme ist, dass dies nicht selbstkritisch passiert, sondern selbstherrlich.<\/p>\n<p>Liebe Union, wenn ihr jetzt (immerhin) erkennt, dass die letzten 12 Jahre einiges liegen geblieben ist, was jetzt seit 2 Jahren endlich angepackt wird, dann w\u00e4re es sch\u00f6n, wenn &#8230;.<\/p>\n<ul>\n<li>&#8230; ihr Euch entschuldigt und Demut zeigt, anstatt anderen die Schuld zu geben.<\/li>\n<li>\u00a0&#8230; ihr jetzt wenigstens mithelfen w\u00fcrdet, dass so ein Disaster nicht mehr auftritt. Wie w\u00e4re es jetzt mal, beim Klimaschutz jetzt auch mal selber konkrete Ma\u00dfnahmen vorzuschlagen, wie der umgesetzt werden k\u00f6nnte, anstatt auf ein &#8222;Wunder&#8220; zu warten?<\/li>\n<\/ul>\n","protected":false},"excerpt":{"rendered":"<p>Seit Jahren verabschieden diverse Unions-Regierungen auf Landes- und Bundesebene gerne &#8222;Klimaschutzgesetze&#8220; in die sie auch gerne ehrgeizige Ziele reinschreiben. Die EU will bis 2050 klimaneutral sein. Rheinland-Pfalz wollte bereits 2020\u2026<\/p>\n","protected":false},"author":-1,"featured_media":0,"comment_status":"open","ping_status":"open","sticky":false,"template":"","format":"standard","meta":{"footnotes":""},"categories":[5],"tags":[3],"class_list":["post-57","post","type-post","status-publish","format-standard","hentry","category-bundespolitik","tag-klima"],"_links":{"self":[{"href":"https:\/\/c-us.de\/index.php?rest_route=\/wp\/v2\/posts\/57","targetHints":{"allow":["GET"]}}],"collection":[{"href":"https:\/\/c-us.de\/index.php?rest_route=\/wp\/v2\/posts"}],"about":[{"href":"https:\/\/c-us.de\/index.php?rest_route=\/wp\/v2\/types\/post"}],"author":[{"embeddable":true,"href":"https:\/\/c-us.de\/index.php?rest_route=\/wp\/v2\/users\/2"}],"replies":[{"embeddable":true,"href":"https:\/\/c-us.de\/index.php?rest_route=%2Fwp%2Fv2%2Fcomments&post=57"}],"version-history":[{"count":1,"href":"https:\/\/c-us.de\/index.php?rest_route=\/wp\/v2\/posts\/57\/revisions"}],"predecessor-version":[{"id":58,"href":"https:\/\/c-us.de\/index.php?rest_route=\/wp\/v2\/posts\/57\/revisions\/58"}],"wp:attachment":[{"href":"https:\/\/c-us.de\/index.php?rest_route=%2Fwp%2Fv2%2Fmedia&parent=57"}],"wp:term":[{"taxonomy":"category","embeddable":true,"href":"https:\/\/c-us.de\/index.php?rest_route=%2Fwp%2Fv2%2Fcategories&post=57"},{"taxonomy":"post_tag","embeddable":true,"href":"https:\/\/c-us.de\/index.php?rest_route=%2Fwp%2Fv2%2Ftags&post=57"}],"curies":[{"name":"wp","href":"https:\/\/api.w.org\/{rel}","templated":true}]}}