{"id":6,"date":"2023-03-21T23:57:22","date_gmt":"2023-03-21T23:57:22","guid":{"rendered":"https:\/\/c-us.de\/?p=6"},"modified":"2023-03-21T23:59:31","modified_gmt":"2023-03-21T23:59:31","slug":"stadtteilbeirat-am-21-03-2023","status":"publish","type":"post","link":"https:\/\/c-us.de\/?p=6","title":{"rendered":"Stadtteilbeirat am 21.03.2023"},"content":{"rendered":"<p>Heute war meine erste richtige Stadtteilbeiratssitzung. Leider ist mein Vorg\u00e4nger &#8222;Paul&#8220; Dieter P\u00f6mpsel verstorben, daher bin ich nachger\u00fcckt. Daher an dieser Stelle noch Mal ein ganz herzliches Danke an Paul, der eine super Arbeit geleistet hat, viel Zeit investiert hat und richtig viel vorangebracht hat.<\/p>\n<p>Wir hatten einige spannende Themen.<\/p>\n<p>Frau Zippel hat den Klimaaufbruch vorgestellt. Im Grunde waren sich alle einig, dass wir klimaneutral werden m\u00fcssen, eigentlich bis 2030. Andererseits wurde aber auch die Frage gestellt, was &#8222;realistisch&#8220; ist, insbesondere wenn Verkehr, Geb\u00e4ude und alles klimaneutral werden soll. Keine Frage, das bedarf einiger Anstrengungen, aber ich habe das Gef\u00fchl, dass viele die \u00c4nderungen entweder untersch\u00e4tzen oder den Kopf in den Sand stecken. Es muss richtig viel passieren, wenn wir bis 2030 klimaneutral sein wollen, oder zumindest einen gro\u00dfen Teil des Weges zur\u00fcckgelegt haben wollen. Mit dem jetzigen Tempo bin ich da leider eher pessimistisch.<\/p>\n<p>Aber um die B\u00fcrger noch besser einzubinden, planen &#8222;wir&#8220; (= das Forum Klimaaufbruch) auch schon eine Veranstaltung, in der sich die B\u00fcrger des Stadtteils Bruck-Anger einbringen k\u00f6nnen. &#8230;. dazu in einem sp\u00e4teren Beitrag mehr.<\/p>\n<p><img loading=\"lazy\" decoding=\"async\" class=\"size-medium wp-image-8 alignleft\" src=\"https:\/\/c-us.de\/wp-content\/uploads\/2023\/03\/BruckKirche1-154x300.png\" alt=\"\" width=\"154\" height=\"300\" srcset=\"https:\/\/c-us.de\/wp-content\/uploads\/2023\/03\/BruckKirche1-154x300.png 154w, https:\/\/c-us.de\/wp-content\/uploads\/2023\/03\/BruckKirche1.png 264w\" sizes=\"auto, (max-width: 154px) 100vw, 154px\" \/>\u00a0 Ein weiteres Thema waren die geplanten Umbauten an der Bushaltestelle Bruck-Kirche. Da plant die Stadt die Haltebuchten zur\u00fcckzubauen. Erst war ich auch skeptisch, aber es scheint insbesondere einen riesen Gewinn f\u00fcr die Sicherheit der Schulkinder zu bringen, die Haltestelle wird barrierefrei, die Zufahrt f\u00fcr die Busse wird einfacher. Klar, das wird den Autoverkehr jeweils kurz aufhalten, was zu mehr Stau f\u00fchrt, aber das gro\u00dfe Ziel muss es ja eh sein, da den Verkehr massiv zu reduzieren. Zumindest den Autoverkehr.<br \/>\nDer Gro\u00dfe Wehrmutstropfen war, dass die Situation f\u00fcr Fahrradfahrer nicht verbessert wird. Diese sollen irgendwie im &#8222;Mischverkehr&#8220; mitfahren.<\/p>\n<p>&nbsp;<\/p>\n<p>&nbsp;<\/p>\n<p><img loading=\"lazy\" decoding=\"async\" class=\"alignleft size-medium wp-image-9\" src=\"https:\/\/c-us.de\/wp-content\/uploads\/2023\/03\/FuertherStrasseSteine-220x300.png\" alt=\"\" width=\"220\" height=\"300\" srcset=\"https:\/\/c-us.de\/wp-content\/uploads\/2023\/03\/FuertherStrasseSteine-220x300.png 220w, https:\/\/c-us.de\/wp-content\/uploads\/2023\/03\/FuertherStrasseSteine.png 446w\" sizes=\"auto, (max-width: 220px) 100vw, 220px\" \/><img loading=\"lazy\" decoding=\"async\" class=\"alignright size-medium wp-image-10\" src=\"https:\/\/c-us.de\/wp-content\/uploads\/2023\/03\/FuertherStrasse2-225x300.jpg\" alt=\"Steine an der F\u00fcrther Stra\u00dfe\" width=\"225\" height=\"300\" srcset=\"https:\/\/c-us.de\/wp-content\/uploads\/2023\/03\/FuertherStrasse2-225x300.jpg 225w, https:\/\/c-us.de\/wp-content\/uploads\/2023\/03\/FuertherStrasse2.jpg 735w\" sizes=\"auto, (max-width: 225px) 100vw, 225px\" \/>Ein emotionales Thema sind die Parkm\u00f6glichkeiten weiter s\u00fcdlich an der F\u00fcrther Stra\u00dfe. Die Steinkl\u00f6tze schmecken den Anwohnern gar nicht, die dort immer auf den Gr\u00fcnfl\u00e4chen geparkt haben. Da dort auch einige \u00c4rzte sind, f\u00fcrchten diese, dass die Patienten nicht mehr vorbei kommen k\u00f6nnen. Ich denke, da muss man eine L\u00f6sung finden, dass die Parkpl\u00e4tze, die paar hundert Meter entfernt sind, nicht durch Dauerparker blockiert werden. Vielleicht mit einer Parkuhr? Der Vorschlag, dass man einfach neben dem Fahrradweg in den Gr\u00fcnfl\u00e4chen Parkpl\u00e4tze schafft ist einerseits verst\u00e4ndlich, andererseits aber auch sehr fraglich. Einerseits verschlechtert das die Situation f\u00fcr die Radfahrer, andererseits muss man dann massiv in die Gr\u00fcnstreifen und in die B\u00f6schung eingreifen und wir w\u00fcrden viel Geld aus geben um den Status quo zu zementieren, dass man dauernd mit dem Auto f\u00e4hrt&#8230;. wir haben doch nur paar Minuten davor festgestellt, dass wir massive \u00c4nderungen brauchen, um die Klimaneutralit\u00e4t zu erreichen.<\/p>\n<p>&nbsp;<\/p>\n<p>Generell ist es schade, dass die Stadt die Stadtteilbeir\u00e4te etwas stiefm\u00fctterlich behandelt. Paralell hat noch eine digitale B\u00fcrgerversammlung stattgefunden, obwohl der Termin schon lange feststand. Die Anliegen werden teilweise stark verz\u00f6gert bearbeitet. Der Informationsfluss hakt. Informationen zu relevanten Themen kommen oft sehr kurzfristig. Hier muss die Stadt auf jeden Fall noch besser werden.<\/p>\n<p>Ansonsten m\u00f6chte ich noch Christian Nowak (Vorsitzender) und Ingrid Schoyerer (stellvertretende Vorsitzende) zur Wahl gratulieren. Die beiden engagieren sich seit Jahren f\u00fcr den Stadtteilbeirat und den Stadtteil und bringen viel Zeit ein, daher denke ich, dass die beiden einen guten Vorstand bilden.<\/p>\n","protected":false},"excerpt":{"rendered":"<p>Heute war meine erste richtige Stadtteilbeiratssitzung. Leider ist mein Vorg\u00e4nger &#8222;Paul&#8220; Dieter P\u00f6mpsel verstorben, daher bin ich nachger\u00fcckt. Daher an dieser Stelle noch Mal ein ganz herzliches Danke an Paul,\u2026<\/p>\n","protected":false},"author":-1,"featured_media":0,"comment_status":"open","ping_status":"open","sticky":false,"template":"","format":"standard","meta":{"footnotes":""},"categories":[2],"tags":[3,4],"class_list":["post-6","post","type-post","status-publish","format-standard","hentry","category-stadtteilbeirat","tag-klima","tag-verkehr"],"_links":{"self":[{"href":"https:\/\/c-us.de\/index.php?rest_route=\/wp\/v2\/posts\/6","targetHints":{"allow":["GET"]}}],"collection":[{"href":"https:\/\/c-us.de\/index.php?rest_route=\/wp\/v2\/posts"}],"about":[{"href":"https:\/\/c-us.de\/index.php?rest_route=\/wp\/v2\/types\/post"}],"author":[{"embeddable":true,"href":"https:\/\/c-us.de\/index.php?rest_route=\/wp\/v2\/users\/1"}],"replies":[{"embeddable":true,"href":"https:\/\/c-us.de\/index.php?rest_route=%2Fwp%2Fv2%2Fcomments&post=6"}],"version-history":[{"count":6,"href":"https:\/\/c-us.de\/index.php?rest_route=\/wp\/v2\/posts\/6\/revisions"}],"predecessor-version":[{"id":15,"href":"https:\/\/c-us.de\/index.php?rest_route=\/wp\/v2\/posts\/6\/revisions\/15"}],"wp:attachment":[{"href":"https:\/\/c-us.de\/index.php?rest_route=%2Fwp%2Fv2%2Fmedia&parent=6"}],"wp:term":[{"taxonomy":"category","embeddable":true,"href":"https:\/\/c-us.de\/index.php?rest_route=%2Fwp%2Fv2%2Fcategories&post=6"},{"taxonomy":"post_tag","embeddable":true,"href":"https:\/\/c-us.de\/index.php?rest_route=%2Fwp%2Fv2%2Ftags&post=6"}],"curies":[{"name":"wp","href":"https:\/\/api.w.org\/{rel}","templated":true}]}}