{"id":91,"date":"2023-12-11T21:28:28","date_gmt":"2023-12-11T21:28:28","guid":{"rendered":"https:\/\/c-us.de\/?p=91"},"modified":"2023-12-08T21:40:46","modified_gmt":"2023-12-08T21:40:46","slug":"akw-diskussion","status":"publish","type":"post","link":"https:\/\/c-us.de\/?p=91","title":{"rendered":"AKW-Diskussion"},"content":{"rendered":"<p>Gerade habe ich mit einem AKW-Bef\u00fcrwortder diskutiert &#8230;. das krasse: Dessen Argumente waren so schlecht, dass ich jetzt noch sicherer bin, dass AKWs nicht die L\u00f6sung sind.<\/p>\n<p>Die Diskussion ging etwa so:<\/p>\n<p>ER: &#8222;erneuerbare Energien funktionieren nicht, wir brauchen AKWs, aber nicht die alten unsichern, sondern die der neuesten Generation&#8220;<br \/>\nICH: &#8222;Ich dachte, die gibt es erst ab 2050 komerziell?&#8220; (laut <a href=\"https:\/\/de.wikipedia.org\/wiki\/Generation_IV_International_Forum\">wikipedia<\/a> 2040-2050 &#8230;. aber wir wissen ja, dass sowas meist eher l\u00e4nger dauert als schnell geht)<br \/>\nER: &#8222;Ja, aber h\u00e4tte man die alten weiterlaufen lassen, dann h\u00e4tte man die Zeit bis dahin gut \u00fcberbr\u00fccken k\u00f6nnen&#8220;<br \/>\nICH: &#8222;Also die 13%, die sie 2021 zum <a href=\"https:\/\/strom-report.com\/strom\">Strombedarf<\/a> beigetragen haben, machen den Unterschied? Was ist mit den 30% Kohle-Strom und 10% Gas-Strom-Anteil? Was ist mit dem <a href=\"https:\/\/www.prognos.com\/sites\/default\/files\/2021-11\/20211116_Kurzpaper_Bruttostromverbrauch2018-2030.pdf\">erh\u00f6hten Strombedarf<\/a> f\u00fcr W\u00e4rme und Mobilit\u00e4t? Woher kommt der bis 2050, wenn wir die erneuerbaren nicht ausbauen?&#8220;<br \/>\nER: *schweigen*<\/p>\n<p>Und dabei hab ich noch nicht mal mit Atomm\u00fcll, wahren Kosten (inkl Endlagerung), Super-Gau oder \u00e4hnlichem angefangen&#8230;..<\/p>\n","protected":false},"excerpt":{"rendered":"<p>Gerade habe ich mit einem AKW-Bef\u00fcrwortder diskutiert &#8230;. das krasse: Dessen Argumente waren so schlecht, dass ich jetzt noch sicherer bin, dass AKWs nicht die L\u00f6sung sind. Die Diskussion ging\u2026<\/p>\n","protected":false},"author":-1,"featured_media":0,"comment_status":"open","ping_status":"open","sticky":false,"template":"","format":"standard","meta":{"footnotes":""},"categories":[5],"tags":[9],"class_list":["post-91","post","type-post","status-publish","format-standard","hentry","category-bundespolitik","tag-atomkraft"],"_links":{"self":[{"href":"https:\/\/c-us.de\/index.php?rest_route=\/wp\/v2\/posts\/91","targetHints":{"allow":["GET"]}}],"collection":[{"href":"https:\/\/c-us.de\/index.php?rest_route=\/wp\/v2\/posts"}],"about":[{"href":"https:\/\/c-us.de\/index.php?rest_route=\/wp\/v2\/types\/post"}],"author":[{"embeddable":true,"href":"https:\/\/c-us.de\/index.php?rest_route=\/wp\/v2\/users\/2"}],"replies":[{"embeddable":true,"href":"https:\/\/c-us.de\/index.php?rest_route=%2Fwp%2Fv2%2Fcomments&post=91"}],"version-history":[{"count":2,"href":"https:\/\/c-us.de\/index.php?rest_route=\/wp\/v2\/posts\/91\/revisions"}],"predecessor-version":[{"id":93,"href":"https:\/\/c-us.de\/index.php?rest_route=\/wp\/v2\/posts\/91\/revisions\/93"}],"wp:attachment":[{"href":"https:\/\/c-us.de\/index.php?rest_route=%2Fwp%2Fv2%2Fmedia&parent=91"}],"wp:term":[{"taxonomy":"category","embeddable":true,"href":"https:\/\/c-us.de\/index.php?rest_route=%2Fwp%2Fv2%2Fcategories&post=91"},{"taxonomy":"post_tag","embeddable":true,"href":"https:\/\/c-us.de\/index.php?rest_route=%2Fwp%2Fv2%2Ftags&post=91"}],"curies":[{"name":"wp","href":"https:\/\/api.w.org\/{rel}","templated":true}]}}